{"id":1741,"date":"2017-07-07T18:33:23","date_gmt":"2017-07-07T18:33:23","guid":{"rendered":"http:\/\/www.cantodoriofc.com.br\/site\/?p=1741"},"modified":"2017-07-07T18:33:23","modified_gmt":"2017-07-07T18:33:23","slug":"muita-graca-e-beleza","status":"publish","type":"post","link":"https:\/\/cantodoriofc.com.br\/site\/2017\/07\/07\/muita-graca-e-beleza\/","title":{"rendered":"Muita Gra\u00e7a e Beleza"},"content":{"rendered":"<p style=\"text-align: justify;\"><em>Ginastas do Canto do Rio conquistam seis medalhas no Estadual.\u00a0Disputa foi v\u00e1lida pela primeira etapa da competi\u00e7\u00e3o. Pr\u00f3xima fase acontece em agosto.<\/em><\/p>\n<p style=\"text-align: justify;\">Depois de muita prepara\u00e7\u00e3o, as atletas de Gin\u00e1stica R\u00edtmica do Canto do Rio voltaram a competir com tudo no \u00faltimo domingo, dia 2. Com um show de beleza e movimentos perfeitos, conquistaram para o clube seis medalhas na primeira etapa do Campeonato Estadual de Gin\u00e1stica R\u00edtmica. No mesmo dia aconteceram os Jogos Estudantis do Rio de Janeiro.<\/p>\n<p style=\"text-align: justify;\"><a href=\"http:\/\/www.cantodoriofc.com.br\/site\/wp-content\/uploads\/2017\/07\/WhatsApp-Image-2017-07-05-at-19.23.19.jpeg\" rel=\"lightbox\"><img fetchpriority=\"high\" decoding=\"async\" class=\" size-medium wp-image-1743 alignright\" src=\"http:\/\/www.cantodoriofc.com.br\/site\/wp-content\/uploads\/2017\/07\/WhatsApp-Image-2017-07-05-at-19.23.19-300x225.jpeg\" alt=\"WhatsApp Image 2017-07-05 at 19.23.19\" width=\"300\" height=\"225\" \/><\/a>Participaram do torneio equipes de todo o estado. O alvianil faturou duas medalhas de ouro com a atleta Maria Beatriz Souza nos aparelhos arco e bola, na categoria juvenil (n\u00edvel 1). Ainda garantiram tr\u00eas medalhas de prata as ginastas Ana Cruxen na categoria pr\u00e9-infantil (n\u00edvel 3), Ellen Sader na categoria juvenil (n\u00edvel 3) e Gabriele Souza na categoria adulto (n\u00edvel 2). O bronze ficou com a Maria Clara Coutinho no infantil (n\u00edvel 2).<\/p>\n<p style=\"text-align: justify;\">\u201cTivemos boas apresenta\u00e7\u00f5es, muitas de nossas atletas apresentaram melhora significativa comparadas ao ano passado e ao in\u00edcio do ano. Foi bem satisfat\u00f3rio. As meninas estavam mais confiantes, menos nervosas, sem o impacto da primeira competi\u00e7\u00e3o\u201d, comemorou a t\u00e9cnica Gisele Matta.<\/p>\n<p style=\"text-align: justify;\">A pr\u00f3xima etapa da competi\u00e7\u00e3o acontece no dia 12 de agosto, tamb\u00e9m no Gin\u00e1sio do Canto do Rio.<\/p>\n<p style=\"text-align: justify;\">Texto: Jaqueline Freires\/ Fotos: Divulga\u00e7\u00e3o Canto do Rio<\/p>\n","protected":false},"excerpt":{"rendered":"<p>Ginastas do Canto do Rio conquistam seis medalhas no Estadual.\u00a0Disputa foi v\u00e1lida pela primeira etapa da competi\u00e7\u00e3o. Pr\u00f3xima fase acontece em agosto. Depois de muita prepara\u00e7\u00e3o, as atletas de Gin\u00e1stica R\u00edtmica do Canto do Rio voltaram a competir com tudo no \u00faltimo domingo, dia 2. Com um show de beleza e movimentos perfeitos, conquistaram para<\/p>\n<p class=\"more-link\"><a href=\"https:\/\/cantodoriofc.com.br\/site\/2017\/07\/07\/muita-graca-e-beleza\/\" class=\"themebutton\">Read More<\/a><\/p>\n","protected":false},"author":1,"featured_media":1742,"comment_status":"open","ping_status":"open","sticky":false,"template":"","format":"standard","meta":{"footnotes":"","_links_to":"","_links_to_target":""},"categories":[3],"tags":[],"class_list":["post-1741","post","type-post","status-publish","format-standard","has-post-thumbnail","hentry","category-eventos"],"_links":{"self":[{"href":"https:\/\/cantodoriofc.com.br\/site\/wp-json\/wp\/v2\/posts\/1741","targetHints":{"allow":["GET"]}}],"collection":[{"href":"https:\/\/cantodoriofc.com.br\/site\/wp-json\/wp\/v2\/posts"}],"about":[{"href":"https:\/\/cantodoriofc.com.br\/site\/wp-json\/wp\/v2\/types\/post"}],"author":[{"embeddable":true,"href":"https:\/\/cantodoriofc.com.br\/site\/wp-json\/wp\/v2\/users\/1"}],"replies":[{"embeddable":true,"href":"https:\/\/cantodoriofc.com.br\/site\/wp-json\/wp\/v2\/comments?post=1741"}],"version-history":[{"count":0,"href":"https:\/\/cantodoriofc.com.br\/site\/wp-json\/wp\/v2\/posts\/1741\/revisions"}],"wp:featuredmedia":[{"embeddable":true,"href":"https:\/\/cantodoriofc.com.br\/site\/wp-json\/"}],"wp:attachment":[{"href":"https:\/\/cantodoriofc.com.br\/site\/wp-json\/wp\/v2\/media?parent=1741"}],"wp:term":[{"taxonomy":"category","embeddable":true,"href":"https:\/\/cantodoriofc.com.br\/site\/wp-json\/wp\/v2\/categories?post=1741"},{"taxonomy":"post_tag","embeddable":true,"href":"https:\/\/cantodoriofc.com.br\/site\/wp-json\/wp\/v2\/tags?post=1741"}],"curies":[{"name":"wp","href":"https:\/\/api.w.org\/{rel}","templated":true}]}}