{"id":2191,"date":"2018-01-17T12:09:36","date_gmt":"2018-01-17T12:09:36","guid":{"rendered":"http:\/\/www.cantodoriofc.com.br\/site\/?p=2191"},"modified":"2018-01-17T12:09:36","modified_gmt":"2018-01-17T12:09:36","slug":"concurso-carnaval-2018","status":"publish","type":"post","link":"https:\/\/cantodoriofc.com.br\/site\/2018\/01\/17\/concurso-carnaval-2018\/","title":{"rendered":"Inscri\u00e7\u00f5es prorrogadas"},"content":{"rendered":"<p style=\"text-align: justify;\">Foram prorrogadas at\u00e9 o dia 25 de janeiro (quinta-feira) as inscri\u00e7\u00f5es para o Concurso de\u00a0Carnaval do Canto do Rio. Ser\u00e3o escolhidas rainha, princesas, rainha da terceira idade e ainda o samba enredo do Bloco do Cantusca. As inscri\u00e7\u00f5es acontecem entre ter\u00e7a a sexta-feira, das 9h \u00e0s 20h e aos s\u00e1bados e domingos das 8h \u00e0s 15h.\u00a0A apresenta\u00e7\u00e3o das candidatas e samba enredo foi transferida para o dia 27 (s\u00e1bado). O resultado ser\u00e1 divulgado no mesmo dia.<\/p>\n<p style=\"text-align: justify;\">As candidatas a rainha e princesas devem ter entre 18 e 30 anos. O quesito avaliado ser\u00e1 samba no p\u00e9. J\u00e1 as candidatas a rainha da terceira idade devem ter mais de 55 anos e ser\u00e3o avaliadas nos quesitos simpatia, descontra\u00e7\u00e3o e alegria. Para a escolha do samba do bloco \u00e9 necess\u00e1rio que os candidatos apresentem um enredo com o tema: Somos todos Cantusca &amp; Paix\u00e3o pelo Esporte. O hino do clube deve servir como refer\u00eancia para a cria\u00e7\u00e3o do samba.\u00a0Os vencedores ser\u00e3o premiados no Baile Tropic\u00e1lia que acontecer\u00e1 no dia 03 de fevereiro. Outras informa\u00e7\u00f5es em nossa secretaria: (21) 2717-5023. Confira a programa\u00e7\u00e3o atualizada do Concurso:<\/p>\n<p style=\"text-align: justify;\"><a href=\"http:\/\/www.cantodoriofc.com.br\/site\/?attachment_id=2253#main\" rel=\"attachment wp-att-2253\"><img fetchpriority=\"high\" decoding=\"async\" class=\" wp-image-2253 size-full aligncenter\" src=\"http:\/\/www.cantodoriofc.com.br\/site\/wp-content\/uploads\/2017\/12\/CARTAZ-CARNAVAL-2018-v-1.2.pub_.jpg\" alt=\"CARTAZ CARNAVAL 2018 v 1.2.pub\" width=\"3508\" height=\"4961\" \/><\/a><\/p>\n<p style=\"text-align: justify;\">\u00a0Texto: Jaqueline Freires \/ Foto: S\u00e9rgio Bastos<\/p>\n","protected":false},"excerpt":{"rendered":"<p>Foram prorrogadas at\u00e9 o dia 25 de janeiro (quinta-feira) as inscri\u00e7\u00f5es para o Concurso de\u00a0Carnaval do Canto do Rio. Ser\u00e3o escolhidas rainha, princesas, rainha da terceira idade e ainda o samba enredo do Bloco do Cantusca. As inscri\u00e7\u00f5es acontecem entre ter\u00e7a a sexta-feira, das 9h \u00e0s 20h e aos s\u00e1bados e domingos das 8h \u00e0s<\/p>\n<p class=\"more-link\"><a href=\"https:\/\/cantodoriofc.com.br\/site\/2018\/01\/17\/concurso-carnaval-2018\/\" class=\"themebutton\">Read More<\/a><\/p>\n","protected":false},"author":1,"featured_media":2192,"comment_status":"open","ping_status":"open","sticky":false,"template":"","format":"standard","meta":{"footnotes":"","_links_to":"","_links_to_target":""},"categories":[3],"tags":[],"class_list":["post-2191","post","type-post","status-publish","format-standard","has-post-thumbnail","hentry","category-eventos"],"_links":{"self":[{"href":"https:\/\/cantodoriofc.com.br\/site\/wp-json\/wp\/v2\/posts\/2191","targetHints":{"allow":["GET"]}}],"collection":[{"href":"https:\/\/cantodoriofc.com.br\/site\/wp-json\/wp\/v2\/posts"}],"about":[{"href":"https:\/\/cantodoriofc.com.br\/site\/wp-json\/wp\/v2\/types\/post"}],"author":[{"embeddable":true,"href":"https:\/\/cantodoriofc.com.br\/site\/wp-json\/wp\/v2\/users\/1"}],"replies":[{"embeddable":true,"href":"https:\/\/cantodoriofc.com.br\/site\/wp-json\/wp\/v2\/comments?post=2191"}],"version-history":[{"count":0,"href":"https:\/\/cantodoriofc.com.br\/site\/wp-json\/wp\/v2\/posts\/2191\/revisions"}],"wp:featuredmedia":[{"embeddable":true,"href":"https:\/\/cantodoriofc.com.br\/site\/wp-json\/"}],"wp:attachment":[{"href":"https:\/\/cantodoriofc.com.br\/site\/wp-json\/wp\/v2\/media?parent=2191"}],"wp:term":[{"taxonomy":"category","embeddable":true,"href":"https:\/\/cantodoriofc.com.br\/site\/wp-json\/wp\/v2\/categories?post=2191"},{"taxonomy":"post_tag","embeddable":true,"href":"https:\/\/cantodoriofc.com.br\/site\/wp-json\/wp\/v2\/tags?post=2191"}],"curies":[{"name":"wp","href":"https:\/\/api.w.org\/{rel}","templated":true}]}}