{"id":2221,"date":"2018-01-03T09:00:50","date_gmt":"2018-01-03T09:00:50","guid":{"rendered":"http:\/\/www.cantodoriofc.com.br\/site\/?p=2221"},"modified":"2018-01-03T09:00:50","modified_gmt":"2018-01-03T09:00:50","slug":"2221","status":"publish","type":"post","link":"https:\/\/cantodoriofc.com.br\/site\/2018\/01\/03\/2221\/","title":{"rendered":"Eventos movimentam o clube"},"content":{"rendered":"<p style=\"text-align: justify;\">Um dos respons\u00e1veis por manter o clube movimentado e com in\u00fameras op\u00e7\u00f5es de festa \u00e9 Departamento Social que promove com frequ\u00eancia shows e eventos que tornam o clube mais din\u00e2mico e atraente. Em 2017 foram in\u00fameros eventos sociais, bailes e shows realizados em parceria com grandes produtoras que arrastaram centenas de pessoas para o clube.<\/p>\n<p style=\"text-align: justify;\">\u201cO Canto do Rio t\u00eam se demonstrado um clube que tem essa capacidade de se reinventar. Os eventos tem causado um impacto muito positivo tanto em rela\u00e7\u00e3o aos novos s\u00f3cios, quanto em rela\u00e7\u00e3o a m\u00eddia espont\u00e2nea. Os pr\u00f3prios empres\u00e1rios come\u00e7am a nos procurar\u201d, explica Alexsandre Sampaio, vice-presidente\u00a0social do Canto do Rio.<\/p>\n<p style=\"text-align: justify;\">Os eventos s\u00e3o aprovados pelo p\u00fablico que elogia e aproveita para deixar sua opini\u00e3o nas redes sociais do Canto do Rio. S\u00e3o dezenas de manifesta\u00e7\u00f5es de carinho. Muitos vem de outras cidades para aproveitar as festas do Cantusca.<\/p>\n<p style=\"text-align: justify;\">\u201cN\u00e3o tenho muito que falar. O clube \u00e9 simplesmente maravilhoso. N\u00e3o \u00e9 \u00e0 toa que venho de Petr\u00f3polis dan\u00e7ar no Canto do Rio. Tudo de bom!\u201d, depoimento da internauta Marlene Viana, no facebook do clube.<\/p>\n<p style=\"text-align: justify;\">Fique por dentro da agenda de eventos sociais do Canto do Rio. A programa\u00e7\u00e3o mensal \u00e9 publicada com anteced\u00eancia aqui em nosso site e na <a href=\"https:\/\/www.facebook.com\/cantodorio1913\/\" target=\"_blank\" rel=\"noopener\">p\u00e1gina do Canto do Rio no Facebook.<\/a><\/p>\n<p style=\"text-align: justify;\">Texto: Jaqueline Freires \/ Foto: Carlos Papacena<\/p>\n<p style=\"text-align: justify;\">\n","protected":false},"excerpt":{"rendered":"<p>Um dos respons\u00e1veis por manter o clube movimentado e com in\u00fameras op\u00e7\u00f5es de festa \u00e9 Departamento Social que promove com frequ\u00eancia shows e eventos que tornam o clube mais din\u00e2mico e atraente. Em 2017 foram in\u00fameros eventos sociais, bailes e shows realizados em parceria com grandes produtoras que arrastaram centenas de pessoas para o clube.<\/p>\n<p class=\"more-link\"><a href=\"https:\/\/cantodoriofc.com.br\/site\/2018\/01\/03\/2221\/\" class=\"themebutton\">Read More<\/a><\/p>\n","protected":false},"author":1,"featured_media":2222,"comment_status":"open","ping_status":"open","sticky":false,"template":"","format":"standard","meta":{"footnotes":"","_links_to":"","_links_to_target":""},"categories":[3],"tags":[],"class_list":["post-2221","post","type-post","status-publish","format-standard","has-post-thumbnail","hentry","category-eventos"],"_links":{"self":[{"href":"https:\/\/cantodoriofc.com.br\/site\/wp-json\/wp\/v2\/posts\/2221","targetHints":{"allow":["GET"]}}],"collection":[{"href":"https:\/\/cantodoriofc.com.br\/site\/wp-json\/wp\/v2\/posts"}],"about":[{"href":"https:\/\/cantodoriofc.com.br\/site\/wp-json\/wp\/v2\/types\/post"}],"author":[{"embeddable":true,"href":"https:\/\/cantodoriofc.com.br\/site\/wp-json\/wp\/v2\/users\/1"}],"replies":[{"embeddable":true,"href":"https:\/\/cantodoriofc.com.br\/site\/wp-json\/wp\/v2\/comments?post=2221"}],"version-history":[{"count":0,"href":"https:\/\/cantodoriofc.com.br\/site\/wp-json\/wp\/v2\/posts\/2221\/revisions"}],"wp:featuredmedia":[{"embeddable":true,"href":"https:\/\/cantodoriofc.com.br\/site\/wp-json\/"}],"wp:attachment":[{"href":"https:\/\/cantodoriofc.com.br\/site\/wp-json\/wp\/v2\/media?parent=2221"}],"wp:term":[{"taxonomy":"category","embeddable":true,"href":"https:\/\/cantodoriofc.com.br\/site\/wp-json\/wp\/v2\/categories?post=2221"},{"taxonomy":"post_tag","embeddable":true,"href":"https:\/\/cantodoriofc.com.br\/site\/wp-json\/wp\/v2\/tags?post=2221"}],"curies":[{"name":"wp","href":"https:\/\/api.w.org\/{rel}","templated":true}]}}