{"id":2228,"date":"2018-02-05T17:33:43","date_gmt":"2018-02-05T17:33:43","guid":{"rendered":"http:\/\/www.cantodoriofc.com.br\/site\/?p=2228"},"modified":"2018-02-05T17:33:43","modified_gmt":"2018-02-05T17:33:43","slug":"carnaval-vem-com-tudo-no-canto-do-rio","status":"publish","type":"post","link":"https:\/\/cantodoriofc.com.br\/site\/2018\/02\/05\/carnaval-vem-com-tudo-no-canto-do-rio\/","title":{"rendered":"Cantusca na Folia"},"content":{"rendered":"<p style=\"text-align: justify;\">O Canto do Rio preparou uma programa\u00e7\u00e3o especial para quem deseja curtir o melhor do Carnaval sem sair da cidade sorriso. S\u00e3o\u00a0diversas op\u00e7\u00f5es de eventos que prometem n\u00e3o deixar ningu\u00e9m parado.\u00a0A folia teve in\u00edcio no dia 03 de fevereiro (s\u00e1bado) com o\u00a0Baile da Tropic\u00e1lia. No dia 08 de fevereiro (quinta-feira) ser\u00e1\u00a0a vez de dar asas \u00e0 imagina\u00e7\u00e3o no Baile \u00e0 Fantasia do Canto do Rio. O festejo acontece a partir das 22h, no sal\u00e3o nobre do clube. Neste evento, foli\u00e3o com a fantasia mais criativa ser\u00e1 premiado. Ingressos dispon\u00edveis na secretaria do clube.<\/p>\n<p style=\"text-align: justify;\">Outro momento muito aguardado do m\u00eas de fevereiro \u00e9 o Bloco do Cantusca, que tradicionalmente abre, na Rua da Concei\u00e7\u00e3o, os desfiles das agremia\u00e7\u00f5es\u00a0da cidade. O bloco arrasta centenas de foli\u00f5es pelas ruas do Centro de Niter\u00f3i.\u00a0 Este ano, o encontro acontecer\u00e1 no dia 10 de fevereiro (s\u00e1bado).\u00a0 A concentra\u00e7\u00e3o ser\u00e1 \u00e0s 9h na sede do clube e a sa\u00edda \u00e0s 11h. Presen\u00e7as confirmadas de Banda de Carnaval e das rainhas e princesas escolhidas para o bloco. Evento gratuito. As camisas do bloco poder\u00e3o ser adquiridas a R$15,00 na secretaria do clube a partir do dia 20 de janeiro. O Bloco do Cantusca desfila h\u00e1 48 anos em Niter\u00f3i e integra o calend\u00e1rio oficial de festejos da cidade.<\/p>\n<p style=\"text-align: justify;\">Confira a programa\u00e7\u00e3o completa:<\/p>\n<p style=\"text-align: justify;\"><a href=\"http:\/\/www.cantodoriofc.com.br\/site\/?attachment_id=2229#main\" rel=\"attachment wp-att-2229\"><img fetchpriority=\"high\" decoding=\"async\" class=\" wp-image-2229 size-full aligncenter\" src=\"http:\/\/www.cantodoriofc.com.br\/site\/wp-content\/uploads\/2018\/01\/26229997_1584506441658691_5356422900626429248_n.jpg\" alt=\"26229997_1584506441658691_5356422900626429248_n\" width=\"960\" height=\"685\" \/><\/a><\/p>\n<p style=\"text-align: justify;\">Texto: Jaqueline Freires \/ Foto: S\u00e9rgio Bastos<\/p>\n","protected":false},"excerpt":{"rendered":"<p>O Canto do Rio preparou uma programa\u00e7\u00e3o especial para quem deseja curtir o melhor do Carnaval sem sair da cidade sorriso. S\u00e3o\u00a0diversas op\u00e7\u00f5es de eventos que prometem n\u00e3o deixar ningu\u00e9m parado.\u00a0A folia teve in\u00edcio no dia 03 de fevereiro (s\u00e1bado) com o\u00a0Baile da Tropic\u00e1lia. No dia 08 de fevereiro (quinta-feira) ser\u00e1\u00a0a vez de dar asas<\/p>\n<p class=\"more-link\"><a href=\"https:\/\/cantodoriofc.com.br\/site\/2018\/02\/05\/carnaval-vem-com-tudo-no-canto-do-rio\/\" class=\"themebutton\">Read More<\/a><\/p>\n","protected":false},"author":1,"featured_media":2230,"comment_status":"open","ping_status":"open","sticky":false,"template":"","format":"standard","meta":{"footnotes":"","_links_to":"","_links_to_target":""},"categories":[3],"tags":[],"class_list":["post-2228","post","type-post","status-publish","format-standard","has-post-thumbnail","hentry","category-eventos"],"_links":{"self":[{"href":"https:\/\/cantodoriofc.com.br\/site\/wp-json\/wp\/v2\/posts\/2228","targetHints":{"allow":["GET"]}}],"collection":[{"href":"https:\/\/cantodoriofc.com.br\/site\/wp-json\/wp\/v2\/posts"}],"about":[{"href":"https:\/\/cantodoriofc.com.br\/site\/wp-json\/wp\/v2\/types\/post"}],"author":[{"embeddable":true,"href":"https:\/\/cantodoriofc.com.br\/site\/wp-json\/wp\/v2\/users\/1"}],"replies":[{"embeddable":true,"href":"https:\/\/cantodoriofc.com.br\/site\/wp-json\/wp\/v2\/comments?post=2228"}],"version-history":[{"count":0,"href":"https:\/\/cantodoriofc.com.br\/site\/wp-json\/wp\/v2\/posts\/2228\/revisions"}],"wp:featuredmedia":[{"embeddable":true,"href":"https:\/\/cantodoriofc.com.br\/site\/wp-json\/"}],"wp:attachment":[{"href":"https:\/\/cantodoriofc.com.br\/site\/wp-json\/wp\/v2\/media?parent=2228"}],"wp:term":[{"taxonomy":"category","embeddable":true,"href":"https:\/\/cantodoriofc.com.br\/site\/wp-json\/wp\/v2\/categories?post=2228"},{"taxonomy":"post_tag","embeddable":true,"href":"https:\/\/cantodoriofc.com.br\/site\/wp-json\/wp\/v2\/tags?post=2228"}],"curies":[{"name":"wp","href":"https:\/\/api.w.org\/{rel}","templated":true}]}}