{"id":2259,"date":"2018-01-24T12:27:54","date_gmt":"2018-01-24T12:27:54","guid":{"rendered":"http:\/\/www.cantodoriofc.com.br\/site\/?p=2259"},"modified":"2018-01-24T12:27:54","modified_gmt":"2018-01-24T12:27:54","slug":"pre-temporada-2018","status":"publish","type":"post","link":"https:\/\/cantodoriofc.com.br\/site\/2018\/01\/24\/pre-temporada-2018\/","title":{"rendered":"Cantusca abre temporada"},"content":{"rendered":"<p style=\"text-align: justify;\">Prestes a fazer sua reestreia no futebol profissional, O Canto do Rio Foot-ball Club abriu nesta segunda-feira, dia 22, a\u00a0temporada 2018 do clube. O j\u00e1 tradicional treino de apresenta\u00e7\u00e3o aconteceu nas areias da praia de Icara\u00ed e despertou a curiosidade dos que caminhavam pela orla. Dezenas de pessoas paravam para assistir ao treinamento especial.<\/p>\n<p style=\"text-align: justify;\">Um total de 103 meninos das categorias sub-7, 9, 11 e 14 do futebol de campo estiveram presentes. O diretor de futebol, Marcos Pereira, falou sobre a import\u00e2ncia de manter uma base forte para o projeto de retorno ao futebol profissional.<\/p>\n<p style=\"text-align: justify;\">\u201cO trabalho desenvolvido pelo Canto do Rio \u00e9 uma realidade em Niter\u00f3i. A gente depende de uma base forte pra ter um sub-20 e um profissional \u00e0 altura das conquistas que o clube teve no passado. As perspectivas para esse ano s\u00e3o as melhores poss\u00edveis, at\u00e9 porque em 2017 n\u00f3s fomos bem em diversas categorias. O sub-13 foi o campe\u00e3o da Copa Zico, chegou na final da Light, sub-9 e sub-11 fizeram um bom papel no festbolin, sub-17 venceu o Carioca, o sub-15 tamb\u00e9m foi muito bem, ent\u00e3o a gente pensa grande, pensa em conquistas. Vamos fazer o nosso melhor, junto com a comiss\u00e3o t\u00e9cnica e atletas para encarar esse desafio da melhor forma poss\u00edvel esperando trazer \u00f3timos resultados para o clube\u201d, disse o diretor.<\/p>\n<p style=\"text-align: justify;\">Ainda de acordo com Marquinhos, o retorno do Canto do Rio ao profissional est\u00e1 sendo muito comemorado pelos meninos que sonham um dia integrarem o time principal.<\/p>\n<p style=\"text-align: justify;\">\u201cPra eles esse retorno \u00e9 um incentivo muito grande. V\u00e3o se espelhar no time mais maduro, e ter\u00e3o refer\u00eancia de atletas. N\u00f3s fazemos quest\u00e3o que eles acompanhem os jogos de perto, at\u00e9 porque, no projeto, a gente tem esse trabalho de interc\u00e2mbio. Eles v\u00e3o sentir essa proximidade do jogador profissional junto com eles e temos a certeza de que far\u00e1 toda a diferen\u00e7a na forma\u00e7\u00e3o deles como atletas\u201d, completou.<\/p>\n<p style=\"text-align: justify;\"><strong>Profissional<\/strong><\/p>\n<p style=\"text-align: justify;\">O Canto do Rio estar\u00e1 retornando aos gramados com time profissional em junho deste ano, na s\u00e9rie C do Campeonato Carioca. O an\u00fancio foi feito no final do ano passado e agora o clube est\u00e1 em fase de prospec\u00e7\u00e3o de parceiros e forma\u00e7\u00e3o de comiss\u00e3o t\u00e9cnica. At\u00e9 mar\u00e7o deste ano o clube divulgar\u00e1 a comiss\u00e3o completa e todos os nomes do elenco profissional e sub-20. Os jogos acontecer\u00e3o no Est\u00e1dio Alziro de Almeida, em Itabora\u00ed, Centro Geogr\u00e1fico do leste Fluminense. Outras informa\u00e7\u00f5es sobre o projeto em <a href=\"http:\/\/cantusca30.com\/\" data-saferedirecturl=\"https:\/\/www.google.com\/url?hl=pt-BR&amp;q=http:\/\/cantusca30.com&amp;source=gmail&amp;ust=1516882956764000&amp;usg=AFQjCNEJS8R15vYryR28v0OoAeHN5Qzt4g\">cantusca30.com<\/a><\/p>\n<p style=\"text-align: justify;\">Fotos: Dalton Val\u00e9rio \/ Texto: Jaqueline Freires<\/p>\n","protected":false},"excerpt":{"rendered":"<p>Prestes a fazer sua reestreia no futebol profissional, O Canto do Rio Foot-ball Club abriu nesta segunda-feira, dia 22, a\u00a0temporada 2018 do clube. O j\u00e1 tradicional treino de apresenta\u00e7\u00e3o aconteceu nas areias da praia de Icara\u00ed e despertou a curiosidade dos que caminhavam pela orla. Dezenas de pessoas paravam para assistir ao treinamento especial. Um<\/p>\n<p class=\"more-link\"><a href=\"https:\/\/cantodoriofc.com.br\/site\/2018\/01\/24\/pre-temporada-2018\/\" class=\"themebutton\">Read More<\/a><\/p>\n","protected":false},"author":1,"featured_media":2260,"comment_status":"open","ping_status":"open","sticky":false,"template":"","format":"standard","meta":{"footnotes":"","_links_to":"","_links_to_target":""},"categories":[3],"tags":[],"class_list":["post-2259","post","type-post","status-publish","format-standard","has-post-thumbnail","hentry","category-eventos"],"_links":{"self":[{"href":"https:\/\/cantodoriofc.com.br\/site\/wp-json\/wp\/v2\/posts\/2259","targetHints":{"allow":["GET"]}}],"collection":[{"href":"https:\/\/cantodoriofc.com.br\/site\/wp-json\/wp\/v2\/posts"}],"about":[{"href":"https:\/\/cantodoriofc.com.br\/site\/wp-json\/wp\/v2\/types\/post"}],"author":[{"embeddable":true,"href":"https:\/\/cantodoriofc.com.br\/site\/wp-json\/wp\/v2\/users\/1"}],"replies":[{"embeddable":true,"href":"https:\/\/cantodoriofc.com.br\/site\/wp-json\/wp\/v2\/comments?post=2259"}],"version-history":[{"count":0,"href":"https:\/\/cantodoriofc.com.br\/site\/wp-json\/wp\/v2\/posts\/2259\/revisions"}],"wp:featuredmedia":[{"embeddable":true,"href":"https:\/\/cantodoriofc.com.br\/site\/wp-json\/"}],"wp:attachment":[{"href":"https:\/\/cantodoriofc.com.br\/site\/wp-json\/wp\/v2\/media?parent=2259"}],"wp:term":[{"taxonomy":"category","embeddable":true,"href":"https:\/\/cantodoriofc.com.br\/site\/wp-json\/wp\/v2\/categories?post=2259"},{"taxonomy":"post_tag","embeddable":true,"href":"https:\/\/cantodoriofc.com.br\/site\/wp-json\/wp\/v2\/tags?post=2259"}],"curies":[{"name":"wp","href":"https:\/\/api.w.org\/{rel}","templated":true}]}}