{"id":2263,"date":"2018-01-22T13:24:23","date_gmt":"2018-01-22T13:24:23","guid":{"rendered":"http:\/\/www.cantodoriofc.com.br\/site\/?p=2263"},"modified":"2018-01-22T13:24:23","modified_gmt":"2018-01-22T13:24:23","slug":"estadio-e-cts-definidos","status":"publish","type":"post","link":"https:\/\/cantodoriofc.com.br\/site\/2018\/01\/22\/estadio-e-cts-definidos\/","title":{"rendered":"Est\u00e1dio e CTs definidos"},"content":{"rendered":"<p style=\"text-align: justify;\">Est\u00e1dio Alziro de Almeida, em Itabora\u00ed, ser\u00e1 a casa do Canto do Rio em 2018. Campo da Concha Ac\u00fastica ser\u00e1 um dos Centro de Treinamentos do profissional.<\/p>\n<p style=\"text-align: justify;\">Faltando pouco para retornar aos gramados com time profissional, O Canto do Rio tem definido seu est\u00e1dio e centro de treinamento para a temporada. Ap\u00f3s conversa com o secret\u00e1rio de Esportes de Itabora\u00ed, Fernand\u00e3o, ficou decidido que o Est\u00e1dio Alziro de Almeida ser\u00e1 a casa do Cantusca em 2018.<\/p>\n<p style=\"text-align: justify;\"><a href=\"http:\/\/www.cantodoriofc.com.br\/site\/?attachment_id=2268#main\" rel=\"attachment wp-att-2268\"><img fetchpriority=\"high\" decoding=\"async\" class=\" size-medium wp-image-2268 alignright\" src=\"http:\/\/www.cantodoriofc.com.br\/site\/wp-content\/uploads\/2018\/01\/1-DSC_9586-11-300x240.jpg\" alt=\"1 - DSC_9586 (1)\" width=\"300\" height=\"240\" \/><\/a>\u201c\u00c9 uma honra receber o Canto do Rio, assim como os outros clubes da regi\u00e3o. O est\u00e1dio est\u00e1 sendo todo preparado para receber os jogos. O gramado est\u00e1 em \u00f3timas condi\u00e7\u00f5es. Teremos funcion\u00e1rios que estar\u00e3o \u00e0 disposi\u00e7\u00e3o para receber muito bem tanto o mandante quanto o time visitante, banheiros adaptados para cadeirantes, ilumina\u00e7\u00e3o boa para jogos noturnos, salas de federa\u00e7\u00e3o e cabine de imprensa bem posicionados e com ar condicionado\u201d, disse o secret\u00e1rio lembrando que a realiza\u00e7\u00e3o dos jogos na cidade ir\u00e1 movimentar a economia local.<\/p>\n<p style=\"text-align: justify;\">O Centro de Treinamento continuar\u00e1 sendo no Gradim, mas em breve o clube contar\u00e1 com mais um espa\u00e7o, o CT\u00a0da Concha Ac\u00fastica, que ser\u00e1 revitalizada para uso colaborado. Em reuni\u00e3o, o prefeito de Niter\u00f3i Rodrigo Neves sinalizou a possibilidade de ceder o espa\u00e7o do campo para as atividades do time. Al\u00e9m disso, a prefeitura ainda ir\u00e1 avan\u00e7ar com o projeto de lei que incentiva o investimento no esporte em \u00e2mbito local, nos moldes da legisla\u00e7\u00e3o de incentivo \u00e0 Cultura.<\/p>\n<p style=\"text-align: justify;\"><a href=\"http:\/\/www.cantodoriofc.com.br\/site\/?attachment_id=2265#main\" rel=\"attachment wp-att-2265\"><img decoding=\"async\" class=\" size-medium wp-image-2265 alignleft\" src=\"http:\/\/www.cantodoriofc.com.br\/site\/wp-content\/uploads\/2018\/01\/RodneyMelo-RodrigoNeves-LarsGrael-e-JoaoGustavo-Cantusca30-17jan2018_DMV0318a-web-1-1-300x200.jpg\" alt=\"Rodney Melo e Rodrigo Neves\" width=\"300\" height=\"200\" \/><\/a>\u201cN\u00f3s vamos realizar encontros de trabalho para identificar as possibilidades de apoio, mas j\u00e1 estamos num est\u00e1gio bem avan\u00e7ado no desenvolvimento de uma legisla\u00e7\u00e3o municipal de incentivo ao esporte que poder\u00e1 diretamente propiciar condi\u00e7\u00f5es para que o clube desenvolva suas atividades. N\u00f3s estamos estruturando um programa de revitaliza\u00e7\u00e3o da Concha Ac\u00fastica que poder\u00e1 contemplar dentro da \u00e1rea do campo as atividades de treinamento do Canto do Rio. A prefeitura vai, na medida das suas possibilidades, apoiar essa iniciativa de retorno do Canto do Rio\u201d, garantiu o prefeito de Niter\u00f3i.<\/p>\n<p style=\"text-align: justify;\">Em junho deste ano ser\u00e1 a reestreia do alvianil na s\u00e9rie C do Campeonato Carioca e at\u00e9 l\u00e1 o clube organiza os \u00faltimos detalhes para esse retorno, como a prospec\u00e7\u00e3o de parceiros e forma\u00e7\u00e3o de equipe. At\u00e9 mar\u00e7o, o clube divulgar\u00e1 a comiss\u00e3o t\u00e9cnica e todos os nomes do elenco profissional e sub-20.<\/p>\n<p style=\"text-align: justify;\">Texto: Jaqueline Freires \/ Fotos: S\u00e9rgio Bastos e Dalton Val\u00e9rio<\/p>\n","protected":false},"excerpt":{"rendered":"<p>Est\u00e1dio Alziro de Almeida, em Itabora\u00ed, ser\u00e1 a casa do Canto do Rio em 2018. Campo da Concha Ac\u00fastica ser\u00e1 um dos Centro de Treinamentos do profissional. Faltando pouco para retornar aos gramados com time profissional, O Canto do Rio tem definido seu est\u00e1dio e centro de treinamento para a temporada. Ap\u00f3s conversa com o<\/p>\n<p class=\"more-link\"><a href=\"https:\/\/cantodoriofc.com.br\/site\/2018\/01\/22\/estadio-e-cts-definidos\/\" class=\"themebutton\">Read More<\/a><\/p>\n","protected":false},"author":1,"featured_media":2269,"comment_status":"open","ping_status":"open","sticky":false,"template":"","format":"standard","meta":{"footnotes":"","_links_to":"","_links_to_target":""},"categories":[3],"tags":[],"class_list":["post-2263","post","type-post","status-publish","format-standard","has-post-thumbnail","hentry","category-eventos"],"_links":{"self":[{"href":"https:\/\/cantodoriofc.com.br\/site\/wp-json\/wp\/v2\/posts\/2263","targetHints":{"allow":["GET"]}}],"collection":[{"href":"https:\/\/cantodoriofc.com.br\/site\/wp-json\/wp\/v2\/posts"}],"about":[{"href":"https:\/\/cantodoriofc.com.br\/site\/wp-json\/wp\/v2\/types\/post"}],"author":[{"embeddable":true,"href":"https:\/\/cantodoriofc.com.br\/site\/wp-json\/wp\/v2\/users\/1"}],"replies":[{"embeddable":true,"href":"https:\/\/cantodoriofc.com.br\/site\/wp-json\/wp\/v2\/comments?post=2263"}],"version-history":[{"count":0,"href":"https:\/\/cantodoriofc.com.br\/site\/wp-json\/wp\/v2\/posts\/2263\/revisions"}],"wp:featuredmedia":[{"embeddable":true,"href":"https:\/\/cantodoriofc.com.br\/site\/wp-json\/"}],"wp:attachment":[{"href":"https:\/\/cantodoriofc.com.br\/site\/wp-json\/wp\/v2\/media?parent=2263"}],"wp:term":[{"taxonomy":"category","embeddable":true,"href":"https:\/\/cantodoriofc.com.br\/site\/wp-json\/wp\/v2\/categories?post=2263"},{"taxonomy":"post_tag","embeddable":true,"href":"https:\/\/cantodoriofc.com.br\/site\/wp-json\/wp\/v2\/tags?post=2263"}],"curies":[{"name":"wp","href":"https:\/\/api.w.org\/{rel}","templated":true}]}}