{"id":2273,"date":"2018-01-28T17:33:13","date_gmt":"2018-01-28T17:33:13","guid":{"rendered":"http:\/\/www.cantodoriofc.com.br\/site\/?p=2273"},"modified":"2018-01-28T17:33:13","modified_gmt":"2018-01-28T17:33:13","slug":"cantusca-escolhe-corte","status":"publish","type":"post","link":"https:\/\/cantodoriofc.com.br\/site\/2018\/01\/28\/cantusca-escolhe-corte\/","title":{"rendered":"Cantusca escolhe Corte"},"content":{"rendered":"<p style=\"text-align: justify;\">O Canto do Rio j\u00e1 tem definido sua corte para o Carnaval 2018. O clube realizou no \u00faltimo dia 27, s\u00e1bado, um concurso que elegeu rainha, princesa, rainha da terceira idade e o samba enredo do Bloco do Cantusca. Foi uma tarde de muita descontra\u00e7\u00e3o e alegria na sede do alvianil.<\/p>\n<p style=\"text-align: justify;\">As candidatas deram um verdadeiro show de simpatia e samba no p\u00e9. Rafaella Mel, de 21 anos, moradora de Santa B\u00e1rbara, foi escolhida como\u00a0rainha do bloco. Rayanne Santos, 26 anos, moradora do Cubango e Andreza da Concei\u00e7\u00e3o, 22, do Fonseca, foram escolhidas respectivamente como\u00a0primeira e segunda princesas. O corpo de jurados ainda elegeu Elizete Silva, 63 anos, moradora do bairro S\u00e3o Domingos, como rainha da terceira idade. Al\u00e9m da Corte, ainda foi escolhido o samba do bloco. A letra vencedora foi o apresentada pelo compositor Jorge Costa, interpretada por Ti\u00e3ozinho Cruz.<\/p>\n<p style=\"text-align: justify;\">As vencedoras, al\u00e9m de faixa e coroa, receber\u00e3o o pr\u00eamio no valor de R$ 800 (rainha), R$ 600 (rainha da terceira idade) e R$500 (primeira princesa) e R$300 (segunda princesa). O autor do Samba enredo receber\u00e1 o pr\u00eamio no valor de R$700.<\/p>\n<p style=\"text-align: justify;\">A coroa\u00e7\u00e3o da Corte do Cantusca ser\u00e1 feita na noite do pr\u00f3ximo dia 03, s\u00e1bado, no Baile da Tropic\u00e1lia, evento que acontecer\u00e1 na sede do clube.<\/p>\n<hr \/>\n<p style=\"text-align: justify;\">Confira a letra completa do samba escolhido:<\/p>\n<p style=\"text-align: justify;\">Vem amor, vem sambar, vamos juntos cair na folia<\/p>\n<p style=\"text-align: justify;\">Vem amor, vem brincar, no Cantusca somos paz e harmonia<\/p>\n<p style=\"text-align: justify;\">Vamos recordar<\/p>\n<p style=\"text-align: justify;\">Momentos de gl\u00f3rias<\/p>\n<p style=\"text-align: justify;\">Seu passado t\u00e1 presente na mem\u00f3ria<\/p>\n<p style=\"text-align: justify;\">Orgulho de muitas conquistas<\/p>\n<p style=\"text-align: justify;\">Relembro atletas supercampe\u00f5es<\/p>\n<p style=\"text-align: justify;\"><strong>\u00ca, \u00ca morena cor do meu Brasil<\/strong><\/p>\n<p style=\"text-align: justify;\"><strong>Sempre coloriu o meu pavilh\u00e3o<\/strong><\/p>\n<p style=\"text-align: justify;\"><strong>Faz pulsar mais forte o meu cora\u00e7\u00e3o<\/strong><\/p>\n<p style=\"text-align: justify;\">Quantas saudades dos bailes nos sal\u00f5es<\/p>\n<p style=\"text-align: justify;\">Chuva de conferes e serpentinas<\/p>\n<p style=\"text-align: justify;\">O Pierrot e a combina que fascina\u00e7\u00e3o<\/p>\n<p style=\"text-align: justify;\">A banda tocando, o povo cantando<\/p>\n<p style=\"text-align: justify;\">Com muita anima\u00e7\u00e3o<\/p>\n<p style=\"text-align: justify;\">No Cantusca alegria \u00e9 geral<\/p>\n<p style=\"text-align: justify;\">Porque hoje \u00e9 Carnaval<\/p>\n<hr \/>\n<p style=\"text-align: justify;\">Texto: Jaqueline Freires \/ Foto: S\u00e9rgio Bastos<\/p>\n","protected":false},"excerpt":{"rendered":"<p>O Canto do Rio j\u00e1 tem definido sua corte para o Carnaval 2018. O clube realizou no \u00faltimo dia 27, s\u00e1bado, um concurso que elegeu rainha, princesa, rainha da terceira idade e o samba enredo do Bloco do Cantusca. Foi uma tarde de muita descontra\u00e7\u00e3o e alegria na sede do alvianil. As candidatas deram um<\/p>\n<p class=\"more-link\"><a href=\"https:\/\/cantodoriofc.com.br\/site\/2018\/01\/28\/cantusca-escolhe-corte\/\" class=\"themebutton\">Read More<\/a><\/p>\n","protected":false},"author":1,"featured_media":2274,"comment_status":"open","ping_status":"open","sticky":false,"template":"","format":"standard","meta":{"footnotes":"","_links_to":"","_links_to_target":""},"categories":[3],"tags":[],"class_list":["post-2273","post","type-post","status-publish","format-standard","has-post-thumbnail","hentry","category-eventos"],"_links":{"self":[{"href":"https:\/\/cantodoriofc.com.br\/site\/wp-json\/wp\/v2\/posts\/2273","targetHints":{"allow":["GET"]}}],"collection":[{"href":"https:\/\/cantodoriofc.com.br\/site\/wp-json\/wp\/v2\/posts"}],"about":[{"href":"https:\/\/cantodoriofc.com.br\/site\/wp-json\/wp\/v2\/types\/post"}],"author":[{"embeddable":true,"href":"https:\/\/cantodoriofc.com.br\/site\/wp-json\/wp\/v2\/users\/1"}],"replies":[{"embeddable":true,"href":"https:\/\/cantodoriofc.com.br\/site\/wp-json\/wp\/v2\/comments?post=2273"}],"version-history":[{"count":0,"href":"https:\/\/cantodoriofc.com.br\/site\/wp-json\/wp\/v2\/posts\/2273\/revisions"}],"wp:featuredmedia":[{"embeddable":true,"href":"https:\/\/cantodoriofc.com.br\/site\/wp-json\/"}],"wp:attachment":[{"href":"https:\/\/cantodoriofc.com.br\/site\/wp-json\/wp\/v2\/media?parent=2273"}],"wp:term":[{"taxonomy":"category","embeddable":true,"href":"https:\/\/cantodoriofc.com.br\/site\/wp-json\/wp\/v2\/categories?post=2273"},{"taxonomy":"post_tag","embeddable":true,"href":"https:\/\/cantodoriofc.com.br\/site\/wp-json\/wp\/v2\/tags?post=2273"}],"curies":[{"name":"wp","href":"https:\/\/api.w.org\/{rel}","templated":true}]}}