{"id":2291,"date":"2018-02-06T17:43:20","date_gmt":"2018-02-06T17:43:20","guid":{"rendered":"http:\/\/www.cantodoriofc.com.br\/site\/?p=2291"},"modified":"2018-02-06T17:43:20","modified_gmt":"2018-02-06T17:43:20","slug":"melhores-de-2017","status":"publish","type":"post","link":"https:\/\/cantodoriofc.com.br\/site\/2018\/02\/06\/melhores-de-2017\/","title":{"rendered":"Melhores de 2017"},"content":{"rendered":"<p style=\"text-align: justify;\">Atletas do Cantusca s\u00e3o premiados em Teres\u00f3polis.<\/p>\n<p style=\"text-align: justify;\">15 atletas das categorias de base do Canto do Rio foram premiados na noite do \u00faltimo s\u00e1bado, dia 03, na 4\u00aa edi\u00e7\u00e3o do Pr\u00eamio Sport On que homenageou os melhores atletas e dirigentes do ano de 2017. O evento aconteceu no Centro de Conven\u00e7\u00f5es do Hotel Alpina, em Teres\u00f3polis.<\/p>\n<p style=\"text-align: justify;\">No sub-7 foram premiados os atletas Gustavo Moura e Ant\u00f4nio Marcelo. Na categoria sub-9 o pr\u00eamio ficou com os meninos Felipe Meireles, Daniel Nascimento, Pedro William, Paulo Iguassu, Bernardo da Veiga, Arthur de Souza e Breno Luis. No sub-11 foram premiados os jogadores Davi Nunes, Fellype Gabryel, Lucas Veloso Werneck e Matheus Lucas. O pr\u00eamio da categoria sub-13 ficou com Daniel Meirelles e Eduardo Ribeiro.<\/p>\n<p style=\"text-align: justify;\">\u201c\u00c9 muito bom pra eles estarem num evento desse porte, sendo premiados. Eles entendem a import\u00e2ncia de vestirem a camisa do clube, de se esfor\u00e7arem para fazer um bom campeonato, sabendo que ao final do ano podem ser lembrados com uma premia\u00e7\u00e3o dessas\u201d, frisou o diretor de Futebol Marcos Pereira.<\/p>\n<p style=\"text-align: justify;\"><a href=\"http:\/\/www.cantodoriofc.com.br\/site\/?attachment_id=2294#main\" rel=\"attachment wp-att-2294\"><img fetchpriority=\"high\" decoding=\"async\" class=\" size-medium wp-image-2294 alignleft\" src=\"http:\/\/www.cantodoriofc.com.br\/site\/wp-content\/uploads\/2018\/02\/27459284_1731804430205048_572070090657891648_n-300x200.jpg\" alt=\"27459284_1731804430205048_572070090657891648_n\" width=\"300\" height=\"200\" \/><\/a>Um dos momentos mais emocionantes do evento foi a homenagem feita ao atleta Andrezinho, que ap\u00f3s um acidente em agosto do ano passado, ficou impossibilitado de jogar. O clube aposentou a camisa 10 do futsal, entregando a azul e branca definitivamente ao artilheiro do t\u00edtulo. \u201cFoi uma homenagem muito emocionante, o Andrezinho merece\u201d, disse Marquinhos.<\/p>\n<p style=\"text-align: justify;\">Ao todo, foram premiados 140 atletas, 15 treinadores, duas competi\u00e7\u00f5es e dez personalidades esportivas. Clubes tradicionais como Flamengo, Vasco da Gama, Botafogo, Fluminense e Madureira tamb\u00e9m foram premiados no evento.<\/p>\n<p style=\"text-align: justify;\">Fotos: Dalton Val\u00e9rio<\/p>\n","protected":false},"excerpt":{"rendered":"<p>Atletas do Cantusca s\u00e3o premiados em Teres\u00f3polis. 15 atletas das categorias de base do Canto do Rio foram premiados na noite do \u00faltimo s\u00e1bado, dia 03, na 4\u00aa edi\u00e7\u00e3o do Pr\u00eamio Sport On que homenageou os melhores atletas e dirigentes do ano de 2017. O evento aconteceu no Centro de Conven\u00e7\u00f5es do Hotel Alpina, em<\/p>\n<p class=\"more-link\"><a href=\"https:\/\/cantodoriofc.com.br\/site\/2018\/02\/06\/melhores-de-2017\/\" class=\"themebutton\">Read More<\/a><\/p>\n","protected":false},"author":1,"featured_media":2292,"comment_status":"open","ping_status":"open","sticky":false,"template":"","format":"standard","meta":{"footnotes":"","_links_to":"","_links_to_target":""},"categories":[3],"tags":[],"class_list":["post-2291","post","type-post","status-publish","format-standard","has-post-thumbnail","hentry","category-eventos"],"_links":{"self":[{"href":"https:\/\/cantodoriofc.com.br\/site\/wp-json\/wp\/v2\/posts\/2291","targetHints":{"allow":["GET"]}}],"collection":[{"href":"https:\/\/cantodoriofc.com.br\/site\/wp-json\/wp\/v2\/posts"}],"about":[{"href":"https:\/\/cantodoriofc.com.br\/site\/wp-json\/wp\/v2\/types\/post"}],"author":[{"embeddable":true,"href":"https:\/\/cantodoriofc.com.br\/site\/wp-json\/wp\/v2\/users\/1"}],"replies":[{"embeddable":true,"href":"https:\/\/cantodoriofc.com.br\/site\/wp-json\/wp\/v2\/comments?post=2291"}],"version-history":[{"count":0,"href":"https:\/\/cantodoriofc.com.br\/site\/wp-json\/wp\/v2\/posts\/2291\/revisions"}],"wp:featuredmedia":[{"embeddable":true,"href":"https:\/\/cantodoriofc.com.br\/site\/wp-json\/"}],"wp:attachment":[{"href":"https:\/\/cantodoriofc.com.br\/site\/wp-json\/wp\/v2\/media?parent=2291"}],"wp:term":[{"taxonomy":"category","embeddable":true,"href":"https:\/\/cantodoriofc.com.br\/site\/wp-json\/wp\/v2\/categories?post=2291"},{"taxonomy":"post_tag","embeddable":true,"href":"https:\/\/cantodoriofc.com.br\/site\/wp-json\/wp\/v2\/tags?post=2291"}],"curies":[{"name":"wp","href":"https:\/\/api.w.org\/{rel}","templated":true}]}}