{"id":2299,"date":"2018-02-10T18:00:41","date_gmt":"2018-02-10T18:00:41","guid":{"rendered":"http:\/\/www.cantodoriofc.com.br\/site\/?p=2299"},"modified":"2018-02-10T18:00:41","modified_gmt":"2018-02-10T18:00:41","slug":"carnaval-oficialmente-aberto","status":"publish","type":"post","link":"https:\/\/cantodoriofc.com.br\/site\/2018\/02\/10\/carnaval-oficialmente-aberto\/","title":{"rendered":"Carnaval oficialmente aberto"},"content":{"rendered":"<p style=\"text-align: justify;\">O Bloco do Cantusca abriu oficialmente neste s\u00e1bado, dia 10, o Carnaval da cidade de Niter\u00f3i. A festa teve in\u00edcio \u00e0s 9h da manh\u00e3 com a Banda Mistura Fina na sede do clube e em seguida o bloco desfilou pelas ruas do Centro arrastando centenas de foli\u00f5es por onde passava.<\/p>\n<p style=\"text-align: justify;\">O Bloco do Cantusca desfila h\u00e1 48 anos em Niter\u00f3i e integra o calend\u00e1rio oficial de festejos da cidade. \u201cA festa atendeu nossas expectativas. Recebemos um p\u00fablico em torno de 300 pessoas. Estar \u00e0 frente do bloco \u00e9 uma grande responsabilidade, mas o trabalho profissional e qualificado de toda diretoria tem sido o grande diferencial\u201d, afirmou Rodney Melo, presidente do clube.<\/p>\n<p style=\"text-align: justify;\">A corte desfilou \u00e0 frente do bloco durante todo o percurso. Rafaella Mell, 21, rainha do Carnaval do Cantusca, representou pela segunda vez o bloco. Ela contou estar feliz em desfilar pelo clube.<\/p>\n<p style=\"text-align: justify;\">\u201cEstou muito feliz em representar mais uma vez o bloco. Sempre fui envolvida com o Carnaval, desde os seis anos de idade. Ele representa muita alegria, sin\u00f4nimo de festa pra mim\u201d, revelou a rainha que tamb\u00e9m representou no Rio o Unidos do Porto da Pedra como Musa da escola.<\/p>\n","protected":false},"excerpt":{"rendered":"<p>O Bloco do Cantusca abriu oficialmente neste s\u00e1bado, dia 10, o Carnaval da cidade de Niter\u00f3i. A festa teve in\u00edcio \u00e0s 9h da manh\u00e3 com a Banda Mistura Fina na sede do clube e em seguida o bloco desfilou pelas ruas do Centro arrastando centenas de foli\u00f5es por onde passava. O Bloco do Cantusca desfila<\/p>\n<p class=\"more-link\"><a href=\"https:\/\/cantodoriofc.com.br\/site\/2018\/02\/10\/carnaval-oficialmente-aberto\/\" class=\"themebutton\">Read More<\/a><\/p>\n","protected":false},"author":1,"featured_media":2300,"comment_status":"open","ping_status":"open","sticky":false,"template":"","format":"standard","meta":{"footnotes":"","_links_to":"","_links_to_target":""},"categories":[3],"tags":[],"class_list":["post-2299","post","type-post","status-publish","format-standard","has-post-thumbnail","hentry","category-eventos"],"_links":{"self":[{"href":"https:\/\/cantodoriofc.com.br\/site\/wp-json\/wp\/v2\/posts\/2299","targetHints":{"allow":["GET"]}}],"collection":[{"href":"https:\/\/cantodoriofc.com.br\/site\/wp-json\/wp\/v2\/posts"}],"about":[{"href":"https:\/\/cantodoriofc.com.br\/site\/wp-json\/wp\/v2\/types\/post"}],"author":[{"embeddable":true,"href":"https:\/\/cantodoriofc.com.br\/site\/wp-json\/wp\/v2\/users\/1"}],"replies":[{"embeddable":true,"href":"https:\/\/cantodoriofc.com.br\/site\/wp-json\/wp\/v2\/comments?post=2299"}],"version-history":[{"count":0,"href":"https:\/\/cantodoriofc.com.br\/site\/wp-json\/wp\/v2\/posts\/2299\/revisions"}],"wp:featuredmedia":[{"embeddable":true,"href":"https:\/\/cantodoriofc.com.br\/site\/wp-json\/"}],"wp:attachment":[{"href":"https:\/\/cantodoriofc.com.br\/site\/wp-json\/wp\/v2\/media?parent=2299"}],"wp:term":[{"taxonomy":"category","embeddable":true,"href":"https:\/\/cantodoriofc.com.br\/site\/wp-json\/wp\/v2\/categories?post=2299"},{"taxonomy":"post_tag","embeddable":true,"href":"https:\/\/cantodoriofc.com.br\/site\/wp-json\/wp\/v2\/tags?post=2299"}],"curies":[{"name":"wp","href":"https:\/\/api.w.org\/{rel}","templated":true}]}}