{"id":2320,"date":"2018-02-21T14:29:44","date_gmt":"2018-02-21T14:29:44","guid":{"rendered":"http:\/\/www.cantodoriofc.com.br\/site\/?p=2320"},"modified":"2018-02-21T14:29:44","modified_gmt":"2018-02-21T14:29:44","slug":"classificados-para-a-semi","status":"publish","type":"post","link":"https:\/\/cantodoriofc.com.br\/site\/2018\/02\/21\/classificados-para-a-semi\/","title":{"rendered":"Classificados para a Semi"},"content":{"rendered":"<p>Classifica\u00e7\u00e3o foi em cima do Am\u00e9rica. Primeiro jogo da semifinal ser\u00e1 nesta sexta.<\/p>\n<p>Ap\u00f3s vencer o Am\u00e9rica por 3 a 1, o Canto do Rio se classificou nesta ter\u00e7a-feira, dia 20 para a semifinal da Ta\u00e7a Cidade Maravilhosa. A disputa aconteceu na Arena Carioca 3 do Parque Ol\u00edmpico, Barra da Tijuca. Os jogos foram transmitidos ao vivo na p\u00e1gina <a href=\"https:\/\/www.facebook.com\/433711167026980\/videos\/460228941041869\/\" target=\"_blank\" rel=\"noopener\">Go Sports.live<\/a>.<\/p>\n<p>A classifica\u00e7\u00e3o n\u00e3o poderia ter sido melhor. O Cantusca\u00a0adotou uma postura defensiva apostando nos contra ataques. Os dois primeiros gols foram marcados por Pablo e nos minutos finais da partida o canhotinha Henrique Cury fechou o placar, marcando mais um para o Cantusca.<\/p>\n<p>\u201cO \u00fanico clube que representa Niter\u00f3i \u00e9 o Canto do Rio e isso e muito importante para n\u00f3s. Encaramos todos os jogos como se fossem finais. Temos uma tradi\u00e7\u00e3o dentro do Futsal Carioca, ent\u00e3o entramos em todas as competi\u00e7\u00f5es para ganhar\u201d, ressaltou o ala Pablo, destaque do jogo.<\/p>\n<p>O elenco completo \u00e9 formado por: Marquinhos e Thiago (goleiros), Pedro e Henrique (fixos), Pablo, Bruninho, Caleb, Felipe Melija, Lima e Gabriel (alas), Lucas Pareto, Jo\u00e3o Victor e Camacho (piv\u00f4s).<\/p>\n<p>O jogo de ida da semifinal est\u00e1 previsto para essa sexta-feira, dia 23. A volta ser\u00e1 na segunda, dia 26. O Canto do Rio depende agora do resultado do jogo entre Bangu e Americano para saber se enfrentar\u00e1 na semi a Portuguesa ou o Correas.<\/p>\n<p>Foto:\u00a0GoSports.live<\/p>\n","protected":false},"excerpt":{"rendered":"<p>Classifica\u00e7\u00e3o foi em cima do Am\u00e9rica. Primeiro jogo da semifinal ser\u00e1 nesta sexta. Ap\u00f3s vencer o Am\u00e9rica por 3 a 1, o Canto do Rio se classificou nesta ter\u00e7a-feira, dia 20 para a semifinal da Ta\u00e7a Cidade Maravilhosa. A disputa aconteceu na Arena Carioca 3 do Parque Ol\u00edmpico, Barra da Tijuca. Os jogos foram transmitidos<\/p>\n<p class=\"more-link\"><a href=\"https:\/\/cantodoriofc.com.br\/site\/2018\/02\/21\/classificados-para-a-semi\/\" class=\"themebutton\">Read More<\/a><\/p>\n","protected":false},"author":1,"featured_media":2339,"comment_status":"open","ping_status":"open","sticky":false,"template":"","format":"standard","meta":{"footnotes":"","_links_to":"","_links_to_target":""},"categories":[3],"tags":[],"class_list":["post-2320","post","type-post","status-publish","format-standard","has-post-thumbnail","hentry","category-eventos"],"_links":{"self":[{"href":"https:\/\/cantodoriofc.com.br\/site\/wp-json\/wp\/v2\/posts\/2320","targetHints":{"allow":["GET"]}}],"collection":[{"href":"https:\/\/cantodoriofc.com.br\/site\/wp-json\/wp\/v2\/posts"}],"about":[{"href":"https:\/\/cantodoriofc.com.br\/site\/wp-json\/wp\/v2\/types\/post"}],"author":[{"embeddable":true,"href":"https:\/\/cantodoriofc.com.br\/site\/wp-json\/wp\/v2\/users\/1"}],"replies":[{"embeddable":true,"href":"https:\/\/cantodoriofc.com.br\/site\/wp-json\/wp\/v2\/comments?post=2320"}],"version-history":[{"count":0,"href":"https:\/\/cantodoriofc.com.br\/site\/wp-json\/wp\/v2\/posts\/2320\/revisions"}],"wp:featuredmedia":[{"embeddable":true,"href":"https:\/\/cantodoriofc.com.br\/site\/wp-json\/"}],"wp:attachment":[{"href":"https:\/\/cantodoriofc.com.br\/site\/wp-json\/wp\/v2\/media?parent=2320"}],"wp:term":[{"taxonomy":"category","embeddable":true,"href":"https:\/\/cantodoriofc.com.br\/site\/wp-json\/wp\/v2\/categories?post=2320"},{"taxonomy":"post_tag","embeddable":true,"href":"https:\/\/cantodoriofc.com.br\/site\/wp-json\/wp\/v2\/tags?post=2320"}],"curies":[{"name":"wp","href":"https:\/\/api.w.org\/{rel}","templated":true}]}}