{"id":2334,"date":"2018-02-22T12:47:25","date_gmt":"2018-02-22T12:47:25","guid":{"rendered":"http:\/\/www.cantodoriofc.com.br\/site\/?p=2334"},"modified":"2018-02-22T12:47:25","modified_gmt":"2018-02-22T12:47:25","slug":"sabado-e-dia-de-peneira","status":"publish","type":"post","link":"https:\/\/cantodoriofc.com.br\/site\/2018\/02\/22\/sabado-e-dia-de-peneira\/","title":{"rendered":"S\u00e1bado \u00e9 dia de Peneira"},"content":{"rendered":"<p style=\"font-weight: 400; text-align: justify;\">No pr\u00f3ximo s\u00e1bado, dia 24 e fevereiro, O Canto do Rio realizar\u00e1 uma grande peneira para a sele\u00e7\u00e3o de atletas para as equipes do Canto do Rio e do Fluminense F.C. Podem participar da avalia\u00e7\u00e3o meninos nascidos entre 2004 e 2012.<\/p>\n<p style=\"font-weight: 400; text-align: justify;\">Os candidatos dever\u00e3o apresentar atestado m\u00e9dico e estar vestido com camisa, short, mei\u00e3o, caneleira, chuteiras sem travas, t\u00eanis para futsal. N\u00e3o \u00e9 permitido o uso de uniforme de outros clubes. Atletas nascidos entre 2009 e 2012 dever\u00e3o se apresentar \u00e0s 8h30, entre 2007 e 2008, \u00e0s 9h30, nascidos em 2006 dever\u00e3o estar no clube \u00e0s 10h30 e entre 2004 e 2005, devem chegar \u00e0s 11h30. Os testes ser\u00e3o feitos no Gin\u00e1sio Principal e no Campo Society do Alvianil.<\/p>\n<p style=\"font-weight: 400; text-align: justify;\">Os meninos ser\u00e3o avaliados pelo desempenho t\u00e9cnico na modalidade escolhida (futsal ou futebol). Os aprovados ao final da sele\u00e7\u00e3o ter\u00e3o a oportunidade de ingressarem como atletas nas categorias de base dos clubes parceiros.\u00a0O Canto do Rio Football Club fica na Avenida Visconde do Rio Branco, 701, Centro, Niter\u00f3i.<\/p>\n<p style=\"font-weight: 400; text-align: justify;\">Texto: Jaqueline Freires \/ Foto: Dalton Val\u00e9rio<\/p>\n","protected":false},"excerpt":{"rendered":"<p>No pr\u00f3ximo s\u00e1bado, dia 24 e fevereiro, O Canto do Rio realizar\u00e1 uma grande peneira para a sele\u00e7\u00e3o de atletas para as equipes do Canto do Rio e do Fluminense F.C. Podem participar da avalia\u00e7\u00e3o meninos nascidos entre 2004 e 2012. Os candidatos dever\u00e3o apresentar atestado m\u00e9dico e estar vestido com camisa, short, mei\u00e3o, caneleira,<\/p>\n<p class=\"more-link\"><a href=\"https:\/\/cantodoriofc.com.br\/site\/2018\/02\/22\/sabado-e-dia-de-peneira\/\" class=\"themebutton\">Read More<\/a><\/p>\n","protected":false},"author":1,"featured_media":2335,"comment_status":"open","ping_status":"open","sticky":false,"template":"","format":"standard","meta":{"footnotes":"","_links_to":"","_links_to_target":""},"categories":[3],"tags":[],"class_list":["post-2334","post","type-post","status-publish","format-standard","has-post-thumbnail","hentry","category-eventos"],"_links":{"self":[{"href":"https:\/\/cantodoriofc.com.br\/site\/wp-json\/wp\/v2\/posts\/2334","targetHints":{"allow":["GET"]}}],"collection":[{"href":"https:\/\/cantodoriofc.com.br\/site\/wp-json\/wp\/v2\/posts"}],"about":[{"href":"https:\/\/cantodoriofc.com.br\/site\/wp-json\/wp\/v2\/types\/post"}],"author":[{"embeddable":true,"href":"https:\/\/cantodoriofc.com.br\/site\/wp-json\/wp\/v2\/users\/1"}],"replies":[{"embeddable":true,"href":"https:\/\/cantodoriofc.com.br\/site\/wp-json\/wp\/v2\/comments?post=2334"}],"version-history":[{"count":0,"href":"https:\/\/cantodoriofc.com.br\/site\/wp-json\/wp\/v2\/posts\/2334\/revisions"}],"wp:featuredmedia":[{"embeddable":true,"href":"https:\/\/cantodoriofc.com.br\/site\/wp-json\/"}],"wp:attachment":[{"href":"https:\/\/cantodoriofc.com.br\/site\/wp-json\/wp\/v2\/media?parent=2334"}],"wp:term":[{"taxonomy":"category","embeddable":true,"href":"https:\/\/cantodoriofc.com.br\/site\/wp-json\/wp\/v2\/categories?post=2334"},{"taxonomy":"post_tag","embeddable":true,"href":"https:\/\/cantodoriofc.com.br\/site\/wp-json\/wp\/v2\/tags?post=2334"}],"curies":[{"name":"wp","href":"https:\/\/api.w.org\/{rel}","templated":true}]}}