{"id":2371,"date":"2018-03-14T17:59:07","date_gmt":"2018-03-14T17:59:07","guid":{"rendered":"http:\/\/www.cantodoriofc.com.br\/site\/?p=2371"},"modified":"2018-03-14T17:59:07","modified_gmt":"2018-03-14T17:59:07","slug":"cantusca-apresenta-base","status":"publish","type":"post","link":"https:\/\/cantodoriofc.com.br\/site\/2018\/03\/14\/cantusca-apresenta-base\/","title":{"rendered":"Cantusca apresenta base"},"content":{"rendered":"<p style=\"font-weight: 400; text-align: justify;\">Apresenta\u00e7\u00e3o ser\u00e1 na sexta, dia 16. Evento acontecer\u00e1 no Sal\u00e3o Nobre do clube.<\/p>\n<p style=\"font-weight: 400; text-align: justify;\">O Canto do Rio Foot-ball Club apresenta na pr\u00f3xima sexta-feira, dia 16, \u00e0s 19h, os atletas das categorias de base que jogar\u00e3o a temporada 2018 pelo alvianil. Ao todo, ser\u00e3o apresentados 72 jogadores do futsal (sub-7, 9, 11 e 13) e 100 atletas de campo (sub-9, 11 e 13). O encontro ser\u00e1 no Sal\u00e3o Nobre do Cantusca.<\/p>\n<p style=\"font-weight: 400; text-align: justify;\">O coordenador t\u00e9cnico das categorias de base, Carlos Alberto, disse que as expectativas para esse ano s\u00e3o muito boas.<\/p>\n<p style=\"font-weight: 400; text-align: justify;\">\u201cA expectativa \u00e9 de que tenhamos um bom ano, estamos trabalhando forte para que isso aconte\u00e7a. Nossas comiss\u00f5es t\u00e9cnicas contam com grandes profissionais que dentro das dificuldades encontradas buscam sempre fazer o melhor\u201d, revelou o coordenador, completando em seguida.<\/p>\n<p style=\"font-weight: 400; text-align: justify;\">\u201cO trabalho ser\u00e1 voltado para uma boa forma\u00e7\u00e3o t\u00e9cnica e t\u00e1tica, usando o futsal como ferramenta importante nesse processo. Nosso objetivo \u00e9 ajudar os nossos atletas na melhoria de seus fundamentos e nas tomadas de decis\u00e3o durante as situa\u00e7\u00f5es de jogo\u201d, concluiu.<\/p>\n<p style=\"font-weight: 400; text-align: justify;\">Em 2017, as equipes das divis\u00f5es de base do Canto do Rio tiveram \u00f3timos resultados nos campeonatos que participaram. No campo, foram campe\u00f5es no Campeonato Niteroiense (sub-13), Copa Zico (sub-13) e no Festbolin s\u00e9rie prata (sub-9). O bom desempenho se repetiu no sal\u00e3o, sendo apontados pela Federa\u00e7\u00e3o de Futsal do Rio de Janeiro como a quarta maior for\u00e7a estadual da modalidade.<\/p>\n<p style=\"font-weight: 400; text-align: justify;\">Texto: Jaqueline Freires \/ Foto Dalton Val\u00e9rio<\/p>\n","protected":false},"excerpt":{"rendered":"<p>Apresenta\u00e7\u00e3o ser\u00e1 na sexta, dia 16. Evento acontecer\u00e1 no Sal\u00e3o Nobre do clube. O Canto do Rio Foot-ball Club apresenta na pr\u00f3xima sexta-feira, dia 16, \u00e0s 19h, os atletas das categorias de base que jogar\u00e3o a temporada 2018 pelo alvianil. Ao todo, ser\u00e3o apresentados 72 jogadores do futsal (sub-7, 9, 11 e 13) e 100<\/p>\n<p class=\"more-link\"><a href=\"https:\/\/cantodoriofc.com.br\/site\/2018\/03\/14\/cantusca-apresenta-base\/\" class=\"themebutton\">Read More<\/a><\/p>\n","protected":false},"author":1,"featured_media":2372,"comment_status":"open","ping_status":"open","sticky":false,"template":"","format":"standard","meta":{"footnotes":"","_links_to":"","_links_to_target":""},"categories":[3],"tags":[],"class_list":["post-2371","post","type-post","status-publish","format-standard","has-post-thumbnail","hentry","category-eventos"],"_links":{"self":[{"href":"https:\/\/cantodoriofc.com.br\/site\/wp-json\/wp\/v2\/posts\/2371","targetHints":{"allow":["GET"]}}],"collection":[{"href":"https:\/\/cantodoriofc.com.br\/site\/wp-json\/wp\/v2\/posts"}],"about":[{"href":"https:\/\/cantodoriofc.com.br\/site\/wp-json\/wp\/v2\/types\/post"}],"author":[{"embeddable":true,"href":"https:\/\/cantodoriofc.com.br\/site\/wp-json\/wp\/v2\/users\/1"}],"replies":[{"embeddable":true,"href":"https:\/\/cantodoriofc.com.br\/site\/wp-json\/wp\/v2\/comments?post=2371"}],"version-history":[{"count":0,"href":"https:\/\/cantodoriofc.com.br\/site\/wp-json\/wp\/v2\/posts\/2371\/revisions"}],"wp:featuredmedia":[{"embeddable":true,"href":"https:\/\/cantodoriofc.com.br\/site\/wp-json\/"}],"wp:attachment":[{"href":"https:\/\/cantodoriofc.com.br\/site\/wp-json\/wp\/v2\/media?parent=2371"}],"wp:term":[{"taxonomy":"category","embeddable":true,"href":"https:\/\/cantodoriofc.com.br\/site\/wp-json\/wp\/v2\/categories?post=2371"},{"taxonomy":"post_tag","embeddable":true,"href":"https:\/\/cantodoriofc.com.br\/site\/wp-json\/wp\/v2\/tags?post=2371"}],"curies":[{"name":"wp","href":"https:\/\/api.w.org\/{rel}","templated":true}]}}