{"id":2385,"date":"2018-03-18T14:58:09","date_gmt":"2018-03-18T14:58:09","guid":{"rendered":"http:\/\/www.cantodoriofc.com.br\/site\/?p=2385"},"modified":"2023-04-27T13:41:45","modified_gmt":"2023-04-27T13:41:45","slug":"pontape-inicial-na-temporada","status":"publish","type":"post","link":"https:\/\/cantodoriofc.com.br\/site\/2018\/03\/18\/pontape-inicial-na-temporada\/","title":{"rendered":"Craques s\u00e3o apresentados"},"content":{"rendered":"<p style=\"font-weight: 400; text-align: justify;\">Faltando pouco tempo para reestrear no futebol profissional, o Canto do Rio fez nesta sexta, dia 16, a apresenta\u00e7\u00e3o oficial dos atletas das categorias de base e sub-20 que vestir\u00e3o a azul e branca na temporada 2018. O evento aconteceu com a casa lotada na sede do alvianil, no Centro de Niter\u00f3i.<\/p>\n<p style=\"font-weight: 400; text-align: justify;\">Foram apresentados um total de 172 meninos das divis\u00f5es inferiores (sub-7, 9, 11, 13 e 14) e 19 atletas da categoria sub-20.<\/p>\n<p style=\"font-weight: 400; text-align: justify;\">O coordenador de futebol e t\u00e9cnico dos times sub-20 e profissional, Marquinhos Pereira, falou sobre a responsabilidade de estar a frente de um trabalho t\u00e3o s\u00e9rio.<\/p>\n<p style=\"font-weight: 400; text-align: justify;\">\u201cVamos trabalhar e treinar para fazer em 2018 mais do que fizemos em 2017. A responsabilidade s\u00f3 aumenta a cada ano que passa, mas com trabalho, seriedade e comprometimento a gente vai dando conta do recado\u201d, disse Marquinhos finalizando em seguida agradecendo aos atletas. \u201cSem voc\u00eas nada disso aqui aconteceria\u201d, completou.<\/p>\n<p style=\"font-weight: 400; text-align: justify;\">O presidente do Canto do Rio, Rodney Melo, contou que a retomada do Cantusca \u00e9 a realiza\u00e7\u00e3o de um sonho antigo.<\/p>\n<p style=\"font-weight: 400; text-align: justify;\">\u201cO Canto do Rio tem sua hist\u00f3ria no futebol e ao longo de muitos anos isso acabou ficando perdido. N\u00f3s sonh\u00e1vamos com o dia em que retornar\u00edamos aos gramados e hoje esse sonho come\u00e7ou a tomar forma e a se tornar uma realidade. Estamos muito felizes\u201d, disse o presidente.<\/p>\n<p style=\"font-weight: 400; text-align: justify;\">E a apresenta\u00e7\u00e3o dos atletas foi s\u00f3 in\u00edcio. At\u00e9 o final deste semestre a base disputa a s\u00e9rie ouro do Carioca de Futsal, a Ta\u00e7a Os Donos da Bola de Futebol e a Ta\u00e7a das Comunidades. O sub-20 e o profissional fazem sua reestreia no dia 24 de junho, pela s\u00e9rie C do Campeonato Carioca.<\/p>\n<p style=\"font-weight: 400; text-align: justify;\">Fotos: Dalton Val\u00e9rio<\/p>\n","protected":false},"excerpt":{"rendered":"<p>Faltando pouco tempo para reestrear no futebol profissional, o Canto do Rio fez nesta sexta, dia 16, a apresenta\u00e7\u00e3o oficial dos atletas das categorias de base e sub-20 que vestir\u00e3o a azul e branca na temporada 2018. O evento aconteceu com a casa lotada na sede do alvianil, no Centro de Niter\u00f3i. Foram apresentados um<\/p>\n<p class=\"more-link\"><a href=\"https:\/\/cantodoriofc.com.br\/site\/2018\/03\/18\/pontape-inicial-na-temporada\/\" class=\"themebutton\">Read More<\/a><\/p>\n","protected":false},"author":1,"featured_media":2386,"comment_status":"closed","ping_status":"closed","sticky":false,"template":"","format":"standard","meta":{"footnotes":"","_links_to":"","_links_to_target":""},"categories":[3],"tags":[],"class_list":["post-2385","post","type-post","status-publish","format-standard","has-post-thumbnail","hentry","category-eventos"],"_links":{"self":[{"href":"https:\/\/cantodoriofc.com.br\/site\/wp-json\/wp\/v2\/posts\/2385","targetHints":{"allow":["GET"]}}],"collection":[{"href":"https:\/\/cantodoriofc.com.br\/site\/wp-json\/wp\/v2\/posts"}],"about":[{"href":"https:\/\/cantodoriofc.com.br\/site\/wp-json\/wp\/v2\/types\/post"}],"author":[{"embeddable":true,"href":"https:\/\/cantodoriofc.com.br\/site\/wp-json\/wp\/v2\/users\/1"}],"replies":[{"embeddable":true,"href":"https:\/\/cantodoriofc.com.br\/site\/wp-json\/wp\/v2\/comments?post=2385"}],"version-history":[{"count":1,"href":"https:\/\/cantodoriofc.com.br\/site\/wp-json\/wp\/v2\/posts\/2385\/revisions"}],"predecessor-version":[{"id":3389,"href":"https:\/\/cantodoriofc.com.br\/site\/wp-json\/wp\/v2\/posts\/2385\/revisions\/3389"}],"wp:featuredmedia":[{"embeddable":true,"href":"https:\/\/cantodoriofc.com.br\/site\/wp-json\/"}],"wp:attachment":[{"href":"https:\/\/cantodoriofc.com.br\/site\/wp-json\/wp\/v2\/media?parent=2385"}],"wp:term":[{"taxonomy":"category","embeddable":true,"href":"https:\/\/cantodoriofc.com.br\/site\/wp-json\/wp\/v2\/categories?post=2385"},{"taxonomy":"post_tag","embeddable":true,"href":"https:\/\/cantodoriofc.com.br\/site\/wp-json\/wp\/v2\/tags?post=2385"}],"curies":[{"name":"wp","href":"https:\/\/api.w.org\/{rel}","templated":true}]}}