{"id":925,"date":"2016-08-15T23:34:05","date_gmt":"2016-08-15T23:34:05","guid":{"rendered":"http:\/\/www.cantodoriofc.com.br\/site\/?p=925"},"modified":"2016-08-15T23:34:05","modified_gmt":"2016-08-15T23:34:05","slug":"canto-do-rio-reinaugura-parque-aquatico","status":"publish","type":"post","link":"https:\/\/cantodoriofc.com.br\/site\/2016\/08\/15\/canto-do-rio-reinaugura-parque-aquatico\/","title":{"rendered":"Parque Aqu\u00e1tico reinaugurado"},"content":{"rendered":"<p style=\"text-align: justify;\">O Canto do Rio reinaugurou no dia 16 de julho, o Parque\u00a0Aqu\u00e1tico\u00a0Arthur Jos\u00e9 de Carvalho Silva, ap\u00f3s 16 anos administrado por terceiros.<\/p>\n<p style=\"text-align: justify;\">Durante o evento, foi apresentada a equipe coordenada pelo professor Paulo Licastro respons\u00e1vel pelas aulas no parque.\u00a0O grupo, juntamente com os ex-atletas do clube, fez uma mostra das atividades que ser\u00e3o desenvolvidas na piscina.<\/p>\n<p style=\"text-align: justify;\">O presidente do Canto do Rio, Rodney Melo,\u00a0explicou\u00a0que o processo de recupera\u00e7\u00e3o da administra\u00e7\u00e3o do espa\u00e7o foi longo e demorado, mas ap\u00f3s\u00a0muitos anos de luta judicial, o clube ganhou a causa.<\/p>\n<p style=\"text-align: justify;\">&#8220;Dia 24 de julho de 2000 foi assinado o contrato altamente lesivo que terceirizava a piscina. Depois de muita luta, n\u00f3s estamos reinaugurando o parque\u00a0aqu\u00e1tico, faltando oito dias para completar 16 anos administrado por terceiros. \u00c9 um momento hist\u00f3rico para n\u00f3s. Na verdade, o Canto do Rio est\u00e1 voltando \u00e0s suas origens\u201d contou o presidente que confirmou ainda que o Canto do Rio estar\u00e1 sediando em breve diversas competi\u00e7\u00f5es \u00a0aqu\u00e1ticas.<\/p>\n<p style=\"text-align: justify;\">O coordenador da Confedera\u00e7\u00e3o Brasileira de Desportos\u00a0Aqu\u00e1ticos, Rodney Finezola, comentou a satisfa\u00e7\u00e3o de presenciar o evento. \u201c\u00c9 um momento importante, \u00e9 muito bom presenciar isso. Estou muito feliz\u201d, disse Finezola.<\/p>\n<p style=\"text-align: justify;\"><b>Presen\u00e7as Ilustres<\/b><\/p>\n<p style=\"text-align: justify;\"><a href=\"http:\/\/www.cantodoriofc.com.br\/site\/wp-content\/uploads\/2016\/08\/13680251_1050682881634685_6813776010926258954_o.jpg\" rel=\"lightbox\"><img fetchpriority=\"high\" decoding=\"async\" class=\"  wp-image-928 alignleft\" src=\"http:\/\/www.cantodoriofc.com.br\/site\/wp-content\/uploads\/2016\/08\/13680251_1050682881634685_6813776010926258954_o-300x199.jpg\" alt=\"13680251_1050682881634685_6813776010926258954_o\" width=\"300\" height=\"199\" \/><\/a>Al\u00e9m da diretoria do clube, estiveram presentes na reinaugura\u00e7\u00e3o diversos ex-atletas que foram destaques nos cen\u00e1rios nacional e internacional de polo\u00a0aqu\u00e1tico\u00a0e nata\u00e7\u00e3o como Ayrton Silva, Robert Voss, Maur\u00edcio Ennes, Bruno Campos, Jair Amorim, Luiz Carlos Pedrosa, Carlos Andr\u00e9, Ricardo Couto, Reinaldo Carvalho, Lu\u00eds Ricardo, Allan Kardec Campos, Reinaldo Pedrosa e Daruiz Castellani.<\/p>\n<p style=\"text-align: justify;\">Durante o evento, o professor Paulo Licastro lembrou que tamb\u00e9m come\u00e7ou sua carreira no Canto do Rio. \u201cO in\u00edcio da minha vida profissional foi aqui no Canto do Rio, me sinto t\u00e3o feliz em estar de volta. Hoje Deus me agracia com o retorno ao Canto do Rio de onde n\u00e3o quero mais sair\u201d disse emocionado.<\/p>\n<p style=\"text-align: justify;\">E como\u00e7\u00e3o foi o que n\u00e3o faltou nos depoimentos. O vice-presidente de esportes, Decio Campos, tamb\u00e9m comemorou a conquista. \u201cEu acho que tudo que fazemos pelo Canto do Rio tem aquele toque de emo\u00e7\u00e3o que meche com todo mundo. Hoje \u00e9 realmente um dia muito gratificante pra todos\u00a0n\u00f3s\u201d, disse o vice-presidente.<\/p>\n<p style=\"text-align: justify;\"><b>Aulas: <\/b>As inscri\u00e7\u00f5es est\u00e3o abertas para as atividades na piscina. A matr\u00edcula \u00e9 realizada na secretaria do clube de ter\u00e7a \u00e0 sexta-feira de 8h \u00e0s 19h e s\u00e1bados e domingos, das 8h \u00e0s 17h. Confira abaixo a lista das atividades oferecidas. A grade completa de hor\u00e1rios pode ser consultada\u00a0<a href=\"http:\/\/www.cantodoriofc.com.br\/site\/?p=633\">aqui.<\/a><\/p>\n<p>&nbsp;<\/p>\n","protected":false},"excerpt":{"rendered":"<p>O Canto do Rio reinaugurou no dia 16 de julho, o Parque\u00a0Aqu\u00e1tico\u00a0Arthur Jos\u00e9 de Carvalho Silva, ap\u00f3s 16 anos administrado por terceiros. Durante o evento, foi apresentada a equipe coordenada pelo professor Paulo Licastro respons\u00e1vel pelas aulas no parque.\u00a0O grupo, juntamente com os ex-atletas do clube, fez uma mostra das atividades que ser\u00e3o desenvolvidas na<\/p>\n<p class=\"more-link\"><a href=\"https:\/\/cantodoriofc.com.br\/site\/2016\/08\/15\/canto-do-rio-reinaugura-parque-aquatico\/\" class=\"themebutton\">Read More<\/a><\/p>\n","protected":false},"author":1,"featured_media":931,"comment_status":"open","ping_status":"open","sticky":false,"template":"","format":"standard","meta":{"footnotes":"","_links_to":"","_links_to_target":""},"categories":[3],"tags":[],"class_list":["post-925","post","type-post","status-publish","format-standard","has-post-thumbnail","hentry","category-eventos"],"_links":{"self":[{"href":"https:\/\/cantodoriofc.com.br\/site\/wp-json\/wp\/v2\/posts\/925","targetHints":{"allow":["GET"]}}],"collection":[{"href":"https:\/\/cantodoriofc.com.br\/site\/wp-json\/wp\/v2\/posts"}],"about":[{"href":"https:\/\/cantodoriofc.com.br\/site\/wp-json\/wp\/v2\/types\/post"}],"author":[{"embeddable":true,"href":"https:\/\/cantodoriofc.com.br\/site\/wp-json\/wp\/v2\/users\/1"}],"replies":[{"embeddable":true,"href":"https:\/\/cantodoriofc.com.br\/site\/wp-json\/wp\/v2\/comments?post=925"}],"version-history":[{"count":0,"href":"https:\/\/cantodoriofc.com.br\/site\/wp-json\/wp\/v2\/posts\/925\/revisions"}],"wp:featuredmedia":[{"embeddable":true,"href":"https:\/\/cantodoriofc.com.br\/site\/wp-json\/"}],"wp:attachment":[{"href":"https:\/\/cantodoriofc.com.br\/site\/wp-json\/wp\/v2\/media?parent=925"}],"wp:term":[{"taxonomy":"category","embeddable":true,"href":"https:\/\/cantodoriofc.com.br\/site\/wp-json\/wp\/v2\/categories?post=925"},{"taxonomy":"post_tag","embeddable":true,"href":"https:\/\/cantodoriofc.com.br\/site\/wp-json\/wp\/v2\/tags?post=925"}],"curies":[{"name":"wp","href":"https:\/\/api.w.org\/{rel}","templated":true}]}}